{"id":1077,"date":"2026-08-31T00:55:07","date_gmt":"2026-08-30T22:55:07","guid":{"rendered":"https:\/\/stipendiat.handverksinstituttet.no\/treskjarerbloggen\/?p=1077"},"modified":"2026-08-31T00:55:07","modified_gmt":"2026-08-30T22:55:07","slug":"symmetrier","status":"publish","type":"post","link":"https:\/\/stipendiat.handverksinstituttet.no\/treskjarerbloggen\/symmetrier\/","title":{"rendered":"Symmetrier?"},"content":{"rendered":"\n<p class=\"wp-block-paragraph\">Oppdateringsfrekvensen p\u00e5 Treskj\u00e6rerbloggen har ikke v\u00e6rt helt den samme i 2026 som den var i 2025. Dette handler nok hverken om lavere aktivitet eller f\u00e6rre tema \u00e5 skrive om, men kanskje mest om at de emnene jeg har satt i gang med \u00e5 pr\u00f8ve ut i nedskreven form i \u00e5r har vist seg s\u00e5 omfattende \u00e5 dekke ordentlig at arbeidet fortsatt p\u00e5g\u00e5r. Og kanskje at noe av den lavthengende frukten ble spist i fjor. Og kanskje at enkelte andre foretagende har opptatt den tiden blogging ellers skulle hatt. ICWCT 2026 \u2013\u00a0jeg ser s\u00e6rlig p\u00e5 deg. <\/p>\n\n\n\n<p class=\"wp-block-paragraph\">Men sp\u00f8k og bortforklaringer til side: jeg la forleden ettermiddag merke til en morsom symmetri jeg ikke kunne unnlate \u00e5 fange gjennom kameralinsen<sup data-fn=\"5fe226b4-790f-4e87-9fd6-a86a9c228587\" class=\"fn\"><a href=\"#5fe226b4-790f-4e87-9fd6-a86a9c228587\" id=\"5fe226b4-790f-4e87-9fd6-a86a9c228587-link\">1<\/a><\/sup>. Etterhvert som h\u00f8sten kommer krypende, og utl\u00f8st av en veldig spennende bemerkning etterfulgt av oppfordring<sup data-fn=\"92cdde9c-be26-4cc7-9f88-8e9d7a9106f8\" class=\"fn\"><a href=\"#92cdde9c-be26-4cc7-9f88-8e9d7a9106f8\" id=\"92cdde9c-be26-4cc7-9f88-8e9d7a9106f8-link\">2<\/a><\/sup> fra medstipendiat <a href=\"https:\/\/handverksinstituttet.no\/stipendiater\/naavaerende-stipendiater\/peder-alme-gipsmaker\">gipsmaker Peder Alme<\/a>, har jeg tenkt enda mer enn f\u00f8r p\u00e5 arbeidslys. Jeg har v\u00e6rt ganske n\u00f8gd med lyset slik det faller naturlig inn gjennom verkstedets vindu supplert av en \u00e5pen d\u00f8r. Noen dager har jeg ytterligere krydret lyset med litt elektriske tilskudd, men st\u00f8rrelsen p\u00e5 delene jeg har holdt p\u00e5 med har gjort det lite fristende \u00e5 endre for mye p\u00e5 ting. Den siste uka har jeg derimot jobba med en langt mindre omfangsrik fj\u00f8l, og augustsola ble i overkant forlokkende.  Veien var ikke lang<sup data-fn=\"c3d4763b-95fa-4e64-a27f-2f1345587969\" class=\"fn\"><a href=\"#c3d4763b-95fa-4e64-a27f-2f1345587969\" id=\"c3d4763b-95fa-4e64-a27f-2f1345587969-link\">3<\/a><\/sup> ut d\u00f8ra, men under \u00e5pen himmel var ikke sola kun i overkant forlokkende, men ogs\u00e5 i overkant <em>mye. <\/em>Dessuten er \u00e5pen himmel <em>komplisert<\/em> n\u00e5r v\u00e6ret er i et omskiftelig hum\u00f8r som n\u00e5. <\/p>\n\n\n\n<figure class=\"wp-block-image size-large\"><img loading=\"lazy\" decoding=\"async\" width=\"683\" height=\"1024\" src=\"https:\/\/stipendiat.handverksinstituttet.no\/treskjarerbloggen\/wp-content\/uploads\/sites\/21\/2026\/08\/JonAFloistad-20260827--683x1024.jpg\" alt=\"\" class=\"wp-image-1078\" srcset=\"https:\/\/stipendiat.handverksinstituttet.no\/treskjarerbloggen\/wp-content\/uploads\/sites\/21\/2026\/08\/JonAFloistad-20260827--683x1024.jpg 683w, https:\/\/stipendiat.handverksinstituttet.no\/treskjarerbloggen\/wp-content\/uploads\/sites\/21\/2026\/08\/JonAFloistad-20260827--200x300.jpg 200w, https:\/\/stipendiat.handverksinstituttet.no\/treskjarerbloggen\/wp-content\/uploads\/sites\/21\/2026\/08\/JonAFloistad-20260827--768x1152.jpg 768w, https:\/\/stipendiat.handverksinstituttet.no\/treskjarerbloggen\/wp-content\/uploads\/sites\/21\/2026\/08\/JonAFloistad-20260827--1024x1536.jpg 1024w, https:\/\/stipendiat.handverksinstituttet.no\/treskjarerbloggen\/wp-content\/uploads\/sites\/21\/2026\/08\/JonAFloistad-20260827-.jpg 1200w\" sizes=\"auto, (max-width: 683px) 100vw, 683px\" \/><\/figure>\n\n\n\n<p class=\"wp-block-paragraph\">Dermed rettretterte jeg en liten meter eller to, og ble st\u00e5ende rett innenfor d\u00f8rterskelen. Eller \u2013\u00a0ganske snart sto jeg ikke innenfor men <em>p\u00e5 <\/em>selve terskelen. Forst\u00e5 det den som kan, jeg har gitt opp. Men her falt alts\u00e5 denne symmetrien meg inn: hadde jeg ikke sett<sup data-fn=\"60303bd7-f678-43b4-a67a-20b1f7e39601\" class=\"fn\"><a href=\"#60303bd7-f678-43b4-a67a-20b1f7e39601\" id=\"60303bd7-f678-43b4-a67a-20b1f7e39601-link\">4<\/a><\/sup> det her f\u00f8r? <\/p>\n\n\n\n<figure class=\"wp-block-image size-large\"><img loading=\"lazy\" decoding=\"async\" width=\"676\" height=\"1024\" src=\"https:\/\/stipendiat.handverksinstituttet.no\/treskjarerbloggen\/wp-content\/uploads\/sites\/21\/2026\/08\/JonAFloistad-20150910-8943-676x1024.jpg\" alt=\"\" class=\"wp-image-1079\" srcset=\"https:\/\/stipendiat.handverksinstituttet.no\/treskjarerbloggen\/wp-content\/uploads\/sites\/21\/2026\/08\/JonAFloistad-20150910-8943-676x1024.jpg 676w, https:\/\/stipendiat.handverksinstituttet.no\/treskjarerbloggen\/wp-content\/uploads\/sites\/21\/2026\/08\/JonAFloistad-20150910-8943-198x300.jpg 198w, https:\/\/stipendiat.handverksinstituttet.no\/treskjarerbloggen\/wp-content\/uploads\/sites\/21\/2026\/08\/JonAFloistad-20150910-8943-768x1164.jpg 768w, https:\/\/stipendiat.handverksinstituttet.no\/treskjarerbloggen\/wp-content\/uploads\/sites\/21\/2026\/08\/JonAFloistad-20150910-8943-1013x1536.jpg 1013w, https:\/\/stipendiat.handverksinstituttet.no\/treskjarerbloggen\/wp-content\/uploads\/sites\/21\/2026\/08\/JonAFloistad-20150910-8943.jpg 1200w\" sizes=\"auto, (max-width: 676px) 100vw, 676px\" \/><\/figure>\n\n\n\n<p class=\"wp-block-paragraph\">Motivet har v\u00e6rt framme her p\u00e5 treskj\u00e6rerbloggen f\u00f8r: Regin som smir sverd til Sigurd F\u00e5vnesbane med sistnevnte p\u00e5 belgene. Pussig hvor like positurene er?<\/p>\n\n\n\n<p class=\"wp-block-paragraph\">I motsetning til sist jeg <a href=\"https:\/\/stipendiat.handverksinstituttet.no\/treskjarerbloggen\/selfies-av-krumboyde-treskjaerere\/\" data-type=\"post\" data-id=\"710\">lekte med likheter mellom da og n\u00e5<\/a> skal jeg ikke pr\u00f8ve meg p\u00e5 noen andre konklusjoner enn at likhetstrekkene er morsomme. Jeg har for\u00f8vrig ogs\u00e5 utforsket litt videre de tankene <a href=\"https:\/\/stipendiat.handverksinstituttet.no\/treskjarerbloggen\/selfies-av-krumboyde-treskjaerere\/\" data-type=\"post\" data-id=\"710\">det innlegget dr\u00f8fta<\/a> omkring (frav\u00e6ret av) mekaniske hjelpemidler til \u00e5 holde emnet st\u00f8dig p\u00e5 benken, og kan rapportere at ryggen klager langt mindre denne gangen, men at det framst\u00e5r \u00e5penbart (?) som en noe mindre effektiv m\u00e5te \u00e5 jobbe p\u00e5. Videre forskning er (\u00e5penbart) n\u00f8dvendig. <\/p>\n\n\n\n<hr class=\"wp-block-separator has-alpha-channel-opacity\" \/>\n\n\n\n<p class=\"wp-block-paragraph\"><strong>Fot<sup data-fn=\"d1b98fdd-00fb-44b6-91e5-05c7c707e900\" class=\"fn\"><a href=\"#d1b98fdd-00fb-44b6-91e5-05c7c707e900\" id=\"d1b98fdd-00fb-44b6-91e5-05c7c707e900-link\">5<\/a><\/sup>noter:<\/strong><\/p>\n\n\n<ol class=\"wp-block-footnotes\"><li id=\"5fe226b4-790f-4e87-9fd6-a86a9c228587\">Linsen var for\u00f8vrig i dette tilfellet en 50mm NIKKOR f\/1.2 (av den gamle manuelle sorten) om noen skulle lure.   <a href=\"#5fe226b4-790f-4e87-9fd6-a86a9c228587-link\" aria-label=\"Jump to footnote reference 1\">\u21a9\ufe0e<\/a><\/li><li id=\"92cdde9c-be26-4cc7-9f88-8e9d7a9106f8\">Tusen takk for den, grubler stadig p\u00e5 sp\u00f8rsm\u00e5let og gleder meg til \u00e5 dr\u00f8fte! <a href=\"#92cdde9c-be26-4cc7-9f88-8e9d7a9106f8-link\" aria-label=\"Jump to footnote reference 2\">\u21a9\ufe0e<\/a><\/li><li id=\"c3d4763b-95fa-4e64-a27f-2f1345587969\">I praksis endte jeg opp med \u00e5 snekre en helt ny arbeidsbukk i anledning &laquo;flyttinga&raquo;, men det arbeidet var p\u00e5 gang uavhengig av forlokkende sensommersol.  <a href=\"#c3d4763b-95fa-4e64-a27f-2f1345587969-link\" aria-label=\"Jump to footnote reference 3\">\u21a9\ufe0e<\/a><\/li><li id=\"60303bd7-f678-43b4-a67a-20b1f7e39601\">N\u00e5 s\u00e5 jeg rett nok ikke meg selv utenfra f\u00f8r jeg hadde rigget opp kamera, stativ og selvutl\u00f8ser, en god stund etter at dette symmetriske sammentreffet f\u00f8rst falt meg inn. Men for mitt indre bilde s\u00e5 jeg det kanskje likevel i \u00f8yeblikket \u00f2g?  <a href=\"#60303bd7-f678-43b4-a67a-20b1f7e39601-link\" aria-label=\"Jump to footnote reference 4\">\u21a9\ufe0e<\/a><\/li><li id=\"d1b98fdd-00fb-44b6-91e5-05c7c707e900\">Verdt \u00e5 nevne her i noter om f\u00f8tter at verneskoene sto rett innafor d\u00f8rstokken da bildet ble tatt, og ellers er flittig i bruk.   <a href=\"#d1b98fdd-00fb-44b6-91e5-05c7c707e900-link\" aria-label=\"Jump to footnote reference 5\">\u21a9\ufe0e<\/a><\/li><\/ol>","protected":false},"excerpt":{"rendered":"<p>Oppdateringsfrekvensen p\u00e5 Treskj\u00e6rerbloggen har ikke v\u00e6rt helt den samme i 2026 som den var i 2025. Dette handler nok hverken om lavere aktivitet eller f\u00e6rre tema \u00e5 skrive om, men kanskje mest om at de emnene jeg har satt i gang med \u00e5 pr\u00f8ve ut i nedskreven form i \u00e5r har vist seg s\u00e5 omfattende&hellip;<\/p>\n","protected":false},"author":16,"featured_media":1080,"comment_status":"open","ping_status":"closed","sticky":false,"template":"","format":"standard","meta":{"inline_featured_image":false,"_coblocks_attr":"","_coblocks_dimensions":"","_coblocks_responsive_height":"","_coblocks_accordion_ie_support":"","footnotes":"[{\"id\":\"5fe226b4-790f-4e87-9fd6-a86a9c228587\",\"content\":\"Linsen var for\\u00f8vrig i dette tilfellet en 50mm NIKKOR f\\\/1.2 (av den gamle manuelle sorten) om noen skulle lure.  \"},{\"id\":\"92cdde9c-be26-4cc7-9f88-8e9d7a9106f8\",\"content\":\"Tusen takk for den, grubler stadig p\\u00e5 sp\\u00f8rsm\\u00e5let og gleder meg til \\u00e5 dr\\u00f8fte!\"},{\"id\":\"c3d4763b-95fa-4e64-a27f-2f1345587969\",\"content\":\"I praksis endte jeg opp med \\u00e5 snekre en helt ny arbeidsbukk i anledning \\\"flyttinga\\\", men det arbeidet var p\\u00e5 gang uavhengig av forlokkende sensommersol. \"},{\"id\":\"60303bd7-f678-43b4-a67a-20b1f7e39601\",\"content\":\"N\\u00e5 s\\u00e5 jeg rett nok ikke meg selv utenfra f\\u00f8r jeg hadde rigget opp kamera, stativ og selvutl\\u00f8ser, en god stund etter at dette symmetriske sammentreffet f\\u00f8rst falt meg inn. Men for mitt indre bilde s\\u00e5 jeg det kanskje likevel i \\u00f8yeblikket \\u00f2g? \"},{\"id\":\"d1b98fdd-00fb-44b6-91e5-05c7c707e900\",\"content\":\"Verdt \\u00e5 nevne her i noter om f\\u00f8tter at verneskoene sto rett innafor d\\u00f8rstokken da bildet ble tatt, og ellers er flittig i bruk.  \"}]"},"categories":[80,20,25],"tags":[],"class_list":["post-1077","post","type-post","status-publish","format-standard","has-post-thumbnail","hentry","category-arbeidsbenk","category-hylestad","category-prosess","tw-post-has-image-20-9","tw-meta-no-icon"],"_links":{"self":[{"href":"https:\/\/stipendiat.handverksinstituttet.no\/treskjarerbloggen\/wp-json\/wp\/v2\/posts\/1077","targetHints":{"allow":["GET"]}}],"collection":[{"href":"https:\/\/stipendiat.handverksinstituttet.no\/treskjarerbloggen\/wp-json\/wp\/v2\/posts"}],"about":[{"href":"https:\/\/stipendiat.handverksinstituttet.no\/treskjarerbloggen\/wp-json\/wp\/v2\/types\/post"}],"author":[{"embeddable":true,"href":"https:\/\/stipendiat.handverksinstituttet.no\/treskjarerbloggen\/wp-json\/wp\/v2\/users\/16"}],"replies":[{"embeddable":true,"href":"https:\/\/stipendiat.handverksinstituttet.no\/treskjarerbloggen\/wp-json\/wp\/v2\/comments?post=1077"}],"version-history":[{"count":0,"href":"https:\/\/stipendiat.handverksinstituttet.no\/treskjarerbloggen\/wp-json\/wp\/v2\/posts\/1077\/revisions"}],"wp:featuredmedia":[{"embeddable":true,"href":"https:\/\/stipendiat.handverksinstituttet.no\/treskjarerbloggen\/wp-json\/wp\/v2\/media\/1080"}],"wp:attachment":[{"href":"https:\/\/stipendiat.handverksinstituttet.no\/treskjarerbloggen\/wp-json\/wp\/v2\/media?parent=1077"}],"wp:term":[{"taxonomy":"category","embeddable":true,"href":"https:\/\/stipendiat.handverksinstituttet.no\/treskjarerbloggen\/wp-json\/wp\/v2\/categories?post=1077"},{"taxonomy":"post_tag","embeddable":true,"href":"https:\/\/stipendiat.handverksinstituttet.no\/treskjarerbloggen\/wp-json\/wp\/v2\/tags?post=1077"}],"curies":[{"name":"wp","href":"https:\/\/api.w.org\/{rel}","templated":true}]}}