{"id":32,"date":"2020-04-12T10:23:00","date_gmt":"2020-04-12T10:23:00","guid":{"rendered":"https:\/\/stipendiat.handverksinstituttet.no\/snekkeren\/2021\/08\/25\/produksjon-dorer-og-vinduer\/"},"modified":"2021-08-25T10:35:30","modified_gmt":"2021-08-25T10:35:30","slug":"produksjon-dorer-og-vinduer","status":"publish","type":"post","link":"https:\/\/stipendiat.handverksinstituttet.no\/snekkeren\/produksjon-dorer-og-vinduer\/","title":{"rendered":"Produksjon d\u00f8rer og vinduer."},"content":{"rendered":"\n<figure class=\"wp-block-image\"><img decoding=\"async\" src=\"https:\/\/handverksinstituttet.no\/var\/ezdemo_site\/storage\/images\/_aliases\/medium\/5\/9\/5\/7\/137595-1-nor-NO\/Vindu,Tr\u00f8nderl\u00e5n.jpg\" alt=\"\"\/><\/figure>\n\n\n\n<p>Hovedm\u00e5l med den siste tidens arbeide har v\u00e6rt \u00e5 f\u00e5 laget og pr\u00f8vd ut forskjellige skjemaer og metoder for god utfylling av disse, registrering av bilder og gode registreringsmetoder for visuelt dokumenterte elementer, materialkvaliteter og valg, kapplister med alle n\u00f8dvendige m\u00e5l.<\/p>\n\n\n\n<p>Jeg tenker \u00e5 produsere totalt 6 vinduer og 1 d\u00f8r i forskjellig utf\u00f8relse og st\u00f8rrelse. 2 av vinduene er typiske tr\u00f8nderl\u00e5nvinduer i barokk og rokokko, sm\u00e5ruter og enkeltglass.<\/p>\n\n\n\n<p>4 vinduer og d\u00f8ren produseres i en form for sveitserstil i koblet utf\u00f8relse, begge typene er dokumentert og vil bli produsert maskinelt med f\u00f8rindustriell materialkvalitettanke. Sveitservinduene og d\u00f8ren vil etter hvert bli montert skarpt i s\u00f8r-vestvegg og blir en del av prosjektet hvor b\u00e5de v\u00e6rp\u00e5virkning, klima og endringer i ute og inneklima kan ha betydning for levetid og holdbarhet.<\/p>\n\n\n\n<p>Jeg skal ogs\u00e5 produsere 2 vinduer i barokk og rokokko f\u00f8rindustriellt med samme kvalitetskriterier som i de maskinelt produserte vinduene, noe som samtidig gir meg muligheten til \u00e5 kunne se p\u00e5 og dokumentere merkemalene og sagjiggene fra Evjen i en riktig produksjon og om disse har egenskaper som skaper mer effektivitet sammenlignet med oppmerking med ripmot, passer og andre merkeverkt\u00f8y.<\/p>\n\n\n\n<figure class=\"wp-block-image\"><img decoding=\"async\" src=\"https:\/\/handverksinstituttet.no\/var\/ezdemo_site\/storage\/images\/_aliases\/social_network_image\/4\/0\/6\/7\/137604-1-nor-NO\/tr\u00f8nderl\u00e5n..jpg\" alt=\"\"\/><\/figure>\n\n\n\n<p>Vinduene er dokumentert visuelt iht. materialkvalitet og valg av plassering i konstruksjonen, \u00e5 gjenskape dette er ett hovedm\u00e5lene med produksjonen av disse vinduene og d\u00f8ren.<\/p>\n\n\n\n<p>Alle m\u00e5l er dokumentert og gjenskapes etter originale vinduer, tr\u00f8nderl\u00e5nvinduene, ca. 1880 eller fra originaltegninger, sveitserhuset, ca. 1915-17.<\/p>\n\n\n\n<p>De 4 \u00a8tr\u00f8nderl\u00e5nvinduene\u00a8 monteres i testbenk med innsiden beskyttet mot v\u00e6relementet for \u00e5 se om det er forskjell i effekten av produksjonsm\u00e5te og overflateholdbarhet, 2 av vinduene males med linoljemaling til fullt dekk, 3 str\u00f8k mens de 2 andre beholdes ubehandlet.<\/p>\n\n\n\n<p>Selv om tid er en faktor jeg ikke r\u00e5r over gir dette fors\u00f8ket sannsynlig etter hvert noen svar ang. materialvalg, om metode, om verkt\u00f8y, om m\u00e5te \u00e5 sammenstille p\u00e5 som kan ha vesentlig betydning eller ogs\u00e5 forskjeller for levetiden.<\/p>\n\n\n\n<p>Alle materialene som benyttes er selvsaget eller saget lokalt og t\u00f8rket naturlig etter tradisjonen p\u00e5 str\u00f8.<\/p>\n\n\n\n<p>Dette gir meg en god mulighet for \u00e5 se p\u00e5 om metoden, alts\u00e5 maskinell produksjon med sirkul\u00e6r angrepsvinkel p\u00e5 materialene har forskjeller for holdbarhet sammenlignet med f\u00f8rindustriell produksjon.<\/p>\n\n\n\n<p>Sammenstilling, produksjon og utf\u00f8relse av de forskjellige elementene vil ha forskjeller mellom den f\u00f8rindustrielle og industrielle produksjonen og viser seg best i m\u00e5ten de forskjellige delene produseres, maskinh\u00f8vlet kontra h\u00e5ndh\u00f8vlet overflate og i overganger og sammenf\u00f8yninger av profil\u2026.<\/p>\n\n\n\n<figure class=\"wp-block-image\"><img decoding=\"async\" src=\"https:\/\/handverksinstituttet.no\/var\/ezdemo_site\/storage\/images\/_aliases\/gallery\/5\/1\/1\/7\/137115-1-nor-NO\/Detaljtegning vinduer og d\u00f8rer.jpg\" alt=\"\"\/><\/figure>\n\n\n\n<p>Fortsettes&#8230;&#8230;&#8230;<\/p>\n","protected":false},"excerpt":{"rendered":"<p>Skjemaer!<\/p>\n","protected":false},"author":1,"featured_media":33,"comment_status":"open","ping_status":"open","sticky":false,"template":"","format":"standard","meta":{"inline_featured_image":false,"_coblocks_attr":"","_coblocks_dimensions":"","_coblocks_responsive_height":"","_coblocks_accordion_ie_support":"","footnotes":""},"categories":[2],"tags":[],"class_list":["post-32","post","type-post","status-publish","format-standard","has-post-thumbnail","hentry","tw-post-has-image-20-9","tw-meta-no-icon"],"_links":{"self":[{"href":"https:\/\/stipendiat.handverksinstituttet.no\/snekkeren\/wp-json\/wp\/v2\/posts\/32","targetHints":{"allow":["GET"]}}],"collection":[{"href":"https:\/\/stipendiat.handverksinstituttet.no\/snekkeren\/wp-json\/wp\/v2\/posts"}],"about":[{"href":"https:\/\/stipendiat.handverksinstituttet.no\/snekkeren\/wp-json\/wp\/v2\/types\/post"}],"author":[{"embeddable":true,"href":"https:\/\/stipendiat.handverksinstituttet.no\/snekkeren\/wp-json\/wp\/v2\/users\/1"}],"replies":[{"embeddable":true,"href":"https:\/\/stipendiat.handverksinstituttet.no\/snekkeren\/wp-json\/wp\/v2\/comments?post=32"}],"version-history":[{"count":0,"href":"https:\/\/stipendiat.handverksinstituttet.no\/snekkeren\/wp-json\/wp\/v2\/posts\/32\/revisions"}],"wp:featuredmedia":[{"embeddable":true,"href":"https:\/\/stipendiat.handverksinstituttet.no\/snekkeren\/wp-json\/wp\/v2\/media\/33"}],"wp:attachment":[{"href":"https:\/\/stipendiat.handverksinstituttet.no\/snekkeren\/wp-json\/wp\/v2\/media?parent=32"}],"wp:term":[{"taxonomy":"category","embeddable":true,"href":"https:\/\/stipendiat.handverksinstituttet.no\/snekkeren\/wp-json\/wp\/v2\/categories?post=32"},{"taxonomy":"post_tag","embeddable":true,"href":"https:\/\/stipendiat.handverksinstituttet.no\/snekkeren\/wp-json\/wp\/v2\/tags?post=32"}],"curies":[{"name":"wp","href":"https:\/\/api.w.org\/{rel}","templated":true}]}}