{"id":30,"date":"2020-03-29T10:22:00","date_gmt":"2020-03-29T10:22:00","guid":{"rendered":"https:\/\/stipendiat.handverksinstituttet.no\/snekkeren\/2021\/08\/25\/skog-tommer-og-materialer-til-dor-og-vindusproduksjon\/"},"modified":"2021-08-25T10:34:25","modified_gmt":"2021-08-25T10:34:25","slug":"skog-tommer-og-materialer-til-dor-og-vindusproduksjon","status":"publish","type":"post","link":"https:\/\/stipendiat.handverksinstituttet.no\/snekkeren\/skog-tommer-og-materialer-til-dor-og-vindusproduksjon\/","title":{"rendered":"Skog, t\u00f8mmer og materialer til d\u00f8r og vindusproduksjon!"},"content":{"rendered":"\n<p>Sn\u00f8fattig tr\u00f8ndervinter og en n\u00e5 noe uvanlig hverdag&nbsp;har planen om \u00e5 f\u00e5 vinterhugget t\u00f8mmer til fors\u00f8ket p\u00e5 materialkvalitet endret seg noe eller rettere sagt blitt utsatt inntil videre, heldig er det at jeg har hatt tilgang til alternativer og derfor har mulighet til \u00e5 f\u00e5&nbsp;saget lokalt hugget furu og gran&nbsp;og tidligere ogs\u00e5 har saget bra med tildels storvokst furu fra Tromsdalen rett over dalen for mitt verksted. Furua som n\u00e5 har ligget som plank&nbsp;p\u00e5 str\u00f8 og under blikktak i litt over ett \u00e5r skal n\u00e5 deles opp og ca 3\/5&nbsp;av dette vil n\u00e5&nbsp;bli flyttet til innend\u00f8rs lager men fremdeles p\u00e5 str\u00f8 mens resten&nbsp;skal f\u00e5 ett \u00e5r til utend\u00f8rs sammen med det som sages i \u00e5r, planen er da og gjenta dette men&nbsp;da med selvhugget t\u00f8mmer som jeg blinket h\u00f8sten 2019 til neste etterjulsvinter og dermed f\u00e5 tre generasjoner med materialer som blir en del av fors\u00f8ket som kan si noe om hvordan dette er gjort og hvordan valgene til d\u00f8r og vindusmaterialer er gjort. forh\u00e5pentligvis klarer jeg \u00e5 f\u00e5 levert noe gran i forskjellige dimensjoner&nbsp;hugget denne vinteren og om det lar seg gj\u00f8re tenker jeg ogs\u00e5 \u00e5 f\u00e5 hugget noe gran og furu ila. sommeren om det ogs\u00e5 kan ha&nbsp;betydning p\u00e5 egenskapene.<\/p>\n\n\n\n<p>\u00c5 gjenskape kvalitetene er nok en noe ambisi\u00f8s overskrift og jeg er ikke i tvil om at med dette som mye annet er det mengdetrening som er avgj\u00f8rende for hvor god man kan bli. \u00c5&nbsp;f\u00e5 saget t\u00f8mmer til plank med forskjellige kvaliteter, voksesteder, hogsttider,&nbsp;hvordan og hvor lenge dette lagres vil v\u00e6re vesentlig for \u00e5 kunne vurdere, forst\u00e5 og gj\u00f8re valgene som de gamle d\u00f8rer og vinduer forteller er det &laquo;riktige&raquo; for lang levetid og&nbsp;gode forutsetninger for vedlikehold, en av utfordringen viser seg \u00e5 v\u00e6re at man har en del vedtatte &laquo;sannheter&raquo; ang. materialkvalitet som vanskelig \u00e5 fri seg fra i vurderingen,&nbsp;de gamle d\u00f8rene og vinduene forteller og er fasiten hver gang.<\/p>\n\n\n\n<p>&nbsp;I mangel p\u00e5 oppgangsag er alle materialer saget&nbsp;p\u00e5 b\u00e5ndsag for \u00e5 f\u00e5&nbsp;noe likhet&nbsp;i metode.<\/p>\n\n\n\n<p>Vinduene og d\u00f8rene jeg&nbsp;dokumenter, m\u00e5ler opp og tenker&nbsp;kopiere&nbsp;har st\u00e5tt i en n\u00e5 nedplukket tr\u00f8nderl\u00e5n lokalt i Verdal og er produsert rundt 1880 med materialer tydelig saget p\u00e5 oppgangssag og fremst\u00e5r i forholdsvis god stand tross d\u00e5rlig vedlikehold i minst 50 \u00e5r, vinduene har tydelige spor etter merking og oppm\u00e5ling for produksjon, noe som er veldig nyttig for \u00e5 kunne forst\u00e5 og gjenskape hvordan snekkeren har tenkt og gjort i forbindelse&nbsp;med referanser og referansem\u00e5l for n\u00f8yaktig nok oppmerking. Materialene i disse d\u00f8rer og vinduene er forskjellig fra karm og rammer med i hovedsak gran av forskjellig kvalitet&nbsp;i karmene mens alle rammene er produsert god tettvokst furu. Karmene er produsert i forholdsvis smekre dimensjoner, 2&#8243;x 6&#8243; i alle deler, over og underkarm og sidekarmer mens postprofilen er 2 <sub><sup>1\/2<\/sup><\/sub>&raquo; x 4&#8243; med lite kvist, tettvokst og f\u00e5 &laquo;unormaliteter&raquo;. Rammene har i alle delene dimensjoner som er kjent, 32,5 x 45,0 mm mens sprossen er 19,0 x 32,5 mm og materialer i utsatte deler som understykker&nbsp;og sprosser er tettvokst godt &laquo;malmet&raquo; furu mens overstykkene varierer veldig i kvalitet<\/p>\n\n\n\n<p>De store dimensjonene med furuplank skal gjenskape bla. en karm og ett d\u00f8rblad fra artilleribygget ved Erkebispeg\u00e5rden i Trondheim, som kan den v\u00e6re produsert i 1650++ og har veldig lite eller ingen r\u00e5te tross at det er gjort reparasjoner mekanisk betinget&nbsp;og brukt materialer av forskjellig kvalitet&nbsp;langt fra det vi i dag betegner som gode materialer, denne karmen tenker jeg etterhvert \u00e5 f\u00e5 datert med hjelp av dendrokronologi (<em>Treringdatering eller \u00e5rringdatering er en metode for absolutt<\/em> <em>datering av fellings\u00e5ret&nbsp;for t\u00f8mmer.<\/em>) for n\u00f8yaktig tidsdokumentasjon. Dimensjonen i delene til karmen er forholdsvis store og grove, sidekarm og understykke (d\u00f8rstokk) er 3&#8243; x 9&#8243; mens overstykket er noe mindre 2 <sub>1\/2<\/sub> x 9 &laquo;. Karmen har f\u00e5tt&nbsp;reparasjoner som er begrunnet med slitasje, d\u00f8rstokken er foret p\u00e5 i flere omganger mens skifte til&nbsp;mer moderne&nbsp;l\u00e5skasse ogs\u00e5 vises tydelig i sidekarmen.&nbsp;D\u00f8rbladet til d\u00f8ren&nbsp;er borte eller benyttet &nbsp;andre steder og derfor ikke tilgjengelig, nytt d\u00f8rblad lages derfor etter mal og utgangspunkt i tilsvarende&nbsp;d\u00f8rer i samme bygg karmen kommer fra.<\/p>\n","protected":false},"excerpt":{"rendered":"<p>Gjenskape kvalitetene ?<\/p>\n","protected":false},"author":1,"featured_media":31,"comment_status":"open","ping_status":"open","sticky":false,"template":"","format":"standard","meta":{"inline_featured_image":false,"_coblocks_attr":"","_coblocks_dimensions":"","_coblocks_responsive_height":"","_coblocks_accordion_ie_support":"","footnotes":""},"categories":[2],"tags":[],"class_list":["post-30","post","type-post","status-publish","format-standard","has-post-thumbnail","hentry","tw-post-has-image-20-9","tw-meta-no-icon"],"_links":{"self":[{"href":"https:\/\/stipendiat.handverksinstituttet.no\/snekkeren\/wp-json\/wp\/v2\/posts\/30","targetHints":{"allow":["GET"]}}],"collection":[{"href":"https:\/\/stipendiat.handverksinstituttet.no\/snekkeren\/wp-json\/wp\/v2\/posts"}],"about":[{"href":"https:\/\/stipendiat.handverksinstituttet.no\/snekkeren\/wp-json\/wp\/v2\/types\/post"}],"author":[{"embeddable":true,"href":"https:\/\/stipendiat.handverksinstituttet.no\/snekkeren\/wp-json\/wp\/v2\/users\/1"}],"replies":[{"embeddable":true,"href":"https:\/\/stipendiat.handverksinstituttet.no\/snekkeren\/wp-json\/wp\/v2\/comments?post=30"}],"version-history":[{"count":0,"href":"https:\/\/stipendiat.handverksinstituttet.no\/snekkeren\/wp-json\/wp\/v2\/posts\/30\/revisions"}],"wp:featuredmedia":[{"embeddable":true,"href":"https:\/\/stipendiat.handverksinstituttet.no\/snekkeren\/wp-json\/wp\/v2\/media\/31"}],"wp:attachment":[{"href":"https:\/\/stipendiat.handverksinstituttet.no\/snekkeren\/wp-json\/wp\/v2\/media?parent=30"}],"wp:term":[{"taxonomy":"category","embeddable":true,"href":"https:\/\/stipendiat.handverksinstituttet.no\/snekkeren\/wp-json\/wp\/v2\/categories?post=30"},{"taxonomy":"post_tag","embeddable":true,"href":"https:\/\/stipendiat.handverksinstituttet.no\/snekkeren\/wp-json\/wp\/v2\/tags?post=30"}],"curies":[{"name":"wp","href":"https:\/\/api.w.org\/{rel}","templated":true}]}}