{"id":28,"date":"2020-03-17T10:22:00","date_gmt":"2020-03-17T10:22:00","guid":{"rendered":"https:\/\/stipendiat.handverksinstituttet.no\/snekkeren\/2021\/08\/25\/skog-tommer-og-materialer-til-dor-og-vindusproduksjon-til-skogen\/"},"modified":"2021-08-25T10:33:49","modified_gmt":"2021-08-25T10:33:49","slug":"skog-tommer-og-materialer-til-dor-og-vindusproduksjon-til-skogen","status":"publish","type":"post","link":"https:\/\/stipendiat.handverksinstituttet.no\/snekkeren\/skog-tommer-og-materialer-til-dor-og-vindusproduksjon-til-skogen\/","title":{"rendered":"Skog, t\u00f8mmer og materialer til d\u00f8r og vindusproduksjon, til skogen."},"content":{"rendered":"\n<p>Vinteren er snart over og det er absolutt p\u00e5 tide \u00e5 dra til skogs&nbsp;for \u00e5 f\u00e5 hugget t\u00f8mret som er blinket f\u00f8r den lille sn\u00f8en vi i Tr\u00f8ndelag har f\u00e5tt i \u00e5r, i f\u00f8rste omgang har jeg tenk \u00e5 hugge&nbsp;dimensjoner fra 8-9 til 11-12&nbsp;tommer som er vanlig dimensjon p\u00e5 karmmaterialer til d\u00f8rer produsert f\u00f8r 1900 ++<\/p>\n\n\n\n<p>Jeg tenker at en enkel drift med motorsag og en ikke for stor traktor med vinsj er det som gj\u00f8r jobben i ett terreng ved Kjesbuvatnet som ikke er egnet for annet enn &laquo;gammeldags&raquo; drift.<\/p>\n\n\n\n<p>Det meste av skogen jeg skal hogge i n\u00e5 er gran som har st\u00e5tt i le for v\u00e6r og vind p\u00e5 140-150 meter over havet i for det meste nordhalling p\u00e5 skrinn steinete grunn og derfor sentvokst, trolig 100 \u00e5r ++ med dimensjoner som nevnt, en og annen furustokken og en storgran eller to blir nok ogs\u00e5 med om en gitarmaker kunne ha bruk for ett emne.<\/p>\n\n\n\n<p>Jeg har ogs\u00e5 blinket noe furu som har vokst b\u00e5de&nbsp;mer utsatt til og noe i mer&nbsp;le for v\u00e6ret i litt mer fjellterreng i ca 250-280 meters h\u00f8yde over havet, her er det i hovedsak 2 tr\u00e6r som er interessante som er skadet p\u00e5 forskjellige m\u00e5ter, den ene har tydelig skade etter blinke\u00f8ks som er gjort for mange \u00e5r siden og som har leget seg men etterlatt ett dypt hull i barken.<\/p>\n\n\n\n<p>Den andre er trolig truffet av lynet for noen \u00e5r siden og delen som har ligget p\u00e5 bakken er fremst\u00e5r fremdeles som fersk og det store s\u00e5ret p\u00e5 hovedtreet har pr\u00f8vd lege seg etter beste evne, bli spennende \u00e5 f\u00e5 disse p\u00e5 saga for \u00e5 se hvilken effekt dette har hatt p\u00e5 treet.<\/p>\n\n\n\n<p>Alts\u00e5 forskjellig tiln\u00e6rming i valg av t\u00f8mmer med utforsking av kompetanse p\u00e5 holdbarhet, hvilke valg er gjort, hvordan er det bearbeidet p\u00e5 sag og p\u00e5 lagring\/ t\u00f8rk.<\/p>\n\n\n\n<p>Fine dager med meldt&nbsp;oppholdsv\u00e6r og Tr\u00f8ndersol, kaffe kokt i svartkjel,&nbsp;br\u00f8dskive med hvitost stekt p\u00e5 b\u00e5let i vente&#8230;&#8230;&#8230;&#8230;..<\/p>\n","protected":false},"excerpt":{"rendered":"<p>Hugge t\u00f8mmer til karmmaterialer.<\/p>\n","protected":false},"author":1,"featured_media":29,"comment_status":"open","ping_status":"open","sticky":false,"template":"","format":"standard","meta":{"inline_featured_image":false,"_coblocks_attr":"","_coblocks_dimensions":"","_coblocks_responsive_height":"","_coblocks_accordion_ie_support":"","footnotes":""},"categories":[2],"tags":[],"class_list":["post-28","post","type-post","status-publish","format-standard","has-post-thumbnail","hentry","tw-post-has-image-20-9","tw-meta-no-icon"],"_links":{"self":[{"href":"https:\/\/stipendiat.handverksinstituttet.no\/snekkeren\/wp-json\/wp\/v2\/posts\/28","targetHints":{"allow":["GET"]}}],"collection":[{"href":"https:\/\/stipendiat.handverksinstituttet.no\/snekkeren\/wp-json\/wp\/v2\/posts"}],"about":[{"href":"https:\/\/stipendiat.handverksinstituttet.no\/snekkeren\/wp-json\/wp\/v2\/types\/post"}],"author":[{"embeddable":true,"href":"https:\/\/stipendiat.handverksinstituttet.no\/snekkeren\/wp-json\/wp\/v2\/users\/1"}],"replies":[{"embeddable":true,"href":"https:\/\/stipendiat.handverksinstituttet.no\/snekkeren\/wp-json\/wp\/v2\/comments?post=28"}],"version-history":[{"count":0,"href":"https:\/\/stipendiat.handverksinstituttet.no\/snekkeren\/wp-json\/wp\/v2\/posts\/28\/revisions"}],"wp:featuredmedia":[{"embeddable":true,"href":"https:\/\/stipendiat.handverksinstituttet.no\/snekkeren\/wp-json\/wp\/v2\/media\/29"}],"wp:attachment":[{"href":"https:\/\/stipendiat.handverksinstituttet.no\/snekkeren\/wp-json\/wp\/v2\/media?parent=28"}],"wp:term":[{"taxonomy":"category","embeddable":true,"href":"https:\/\/stipendiat.handverksinstituttet.no\/snekkeren\/wp-json\/wp\/v2\/categories?post=28"},{"taxonomy":"post_tag","embeddable":true,"href":"https:\/\/stipendiat.handverksinstituttet.no\/snekkeren\/wp-json\/wp\/v2\/tags?post=28"}],"curies":[{"name":"wp","href":"https:\/\/api.w.org\/{rel}","templated":true}]}}