{"id":6,"date":"2020-10-12T10:44:00","date_gmt":"2020-10-12T10:44:00","guid":{"rendered":"https:\/\/stipendiat.handverksinstituttet.no\/seilmakeren\/2021\/08\/25\/bygging-av-hvaler-skoyte\/"},"modified":"2021-08-25T10:49:14","modified_gmt":"2021-08-25T10:49:14","slug":"bygging-av-hvaler-skoyte","status":"publish","type":"post","link":"https:\/\/stipendiat.handverksinstituttet.no\/seilmakeren\/bygging-av-hvaler-skoyte\/","title":{"rendered":"Bygging av Hvaler sk\u00f8yte"},"content":{"rendered":"\n<p>I prosjektbeskrivelsen ligger byggingen av en Hvaler sk\u00f8yte til grunn. Mitt ansvarsomr\u00e5de er seil og ogs\u00e5 litt p\u00e5 rigg. Grunnen til at jeg har valgt dette prosjektet som en slags ledesnor gjennom stipendiat tiden, er at b\u00e5ten representerer tidsepoken fra midten av 1850 til starten av 1900-tallet, da denne losb\u00e5t tjenesten var aktiv. Det er ogs\u00e5 en passe st\u00f8rrelse b\u00e5t, slik at prosjektet er realistisk med tanke p\u00e5 ferdigstillelse og at seilene ikke er st\u00f8rre enn at det b\u00f8r kunne testes litt ulike hypoteser p\u00e5 teknikker og materialer. Det at den faglige gruppen rundt prosjektet er meget sterk er selvf\u00f8lgelig viktig med tanke p\u00e5 formidling, dokumentasjon og gjennomf\u00f8ring.<\/p>\n\n\n\n<p>&nbsp;Med i gruppen er blant annet:<\/p>\n\n\n\n<p>Gunnar Eldjarn og Jon Godal, som er nestorer innen tradisjonsb\u00e5tbygging og materialkunnskap. Erlend Arntzen Dale, Andreas Pagander og Knut S\u00f8rensen har alle b\u00e5tbygger bakgrunn fra Isegran i Fredrikstad .Thor Ivar Olsen har mange generasjoner med b\u00e5tbyggere i familiene og hans forfedre bygget Hvalersk\u00f8yter . Morten Skadsem er historiker og knyttet til museet.<\/p>\n\n\n\n<p>Her er det med andre ord mange \u00e5r med erfaring!<\/p>\n\n\n\n<p>F\u00f8rste m\u00f8te var p\u00e5 Hvaler kystkultur museum 9 september<\/p>\n\n\n\n<figure class=\"wp-block-image\"><img decoding=\"async\" src=\"https:\/\/handverksinstituttet.no\/var\/ezdemo_site\/storage\/images\/_aliases\/articleimage\/9\/3\/8\/1\/151839-1-nor-NO\/IMG_0223-1024x683 M\u00e5leseminar Hvaler.jpg\" alt=\"\"\/><\/figure>\n\n\n\n<p>Prosjektet handler om \u00e5 bygge b\u00e5t, rigg og seil basert p\u00e5 en modell som st\u00e5r p\u00e5 Marinemuseet i Horten. Det er grunn til \u00e5 tro at denne modellen ble laget til en fiskeriutstilling i Bergen i 1865. Modellen er meget detaljert og siden det ikke eksisterer tegninger til denne b\u00e5ten, er det modellen som blir utgangspunktet. Det skal brukes datiden teknikker og verkt\u00f8y for dette prosjektet.<\/p>\n\n\n\n<figure class=\"wp-block-image\"><img decoding=\"async\" src=\"https:\/\/stipendiat.handverksinstituttet.no\/seilmakeren\/wp-content\/uploads\/sites\/6\/2021\/08\/modell-med-seil-og-rigg-rotated.jpg\" alt=\"\"\/><\/figure>\n\n\n\n<p>Den f\u00f8rste utfordringen er \u00e5 f\u00e5 laget tegning av b\u00e5ten som den kan bygges etter, og forutsetning for st\u00f8rrelse b\u00e5t , er \u00e5 f\u00e5 definert&nbsp; skalaen. Hvor stor var (blir) den virkelige b\u00e5ten?<\/p>\n\n\n\n<p>Jon Gondal fortalte litt om m\u00e5leenheten alen, og ogs\u00e5 hva som var den mest brukte innen b\u00e5t faget, men ogs\u00e5 utfordringene i at alen hadde ulikt standard m\u00e5l basert p\u00e5 b\u00e5de geografisk plassering og kulturell opphav.&nbsp; Hva kan da gi oss den beste indikasjonen p\u00e5 m\u00e5lestokk? Vi tar utgangspunkt i at modellen er riktig. De andre kikket p\u00e5 \u00e5re lengder og plassering av \u00e5regafler, samt andre detaljer som kan gi hint om forholdstall. Jeg m\u00e5lte dukbredder p\u00e5 seilene. Det er en del usikkerhet rundt datidens vevemaskiner og materialer, i alle fall til denne type b\u00e5t, s\u00e5 her m\u00e5 det en tur p\u00e5 museer for \u00e5 finne vevemaskiner og litterateur.<\/p>\n\n\n\n<p>Interessant var det ogs\u00e5 \u00e5 m\u00e5le mastetykkelsen, sett opp imot spririggens st\u00f8rrelse. Denne var ustaget og hadde flere detaljer som m\u00e5 studeres, ogs\u00e5 i lys av hvordan b\u00e5ten ble seilt. Vi antar det var maks to faste mannskap om bord.<\/p>\n\n\n\n<figure class=\"wp-block-image\"><img decoding=\"async\" src=\"https:\/\/handverksinstituttet.no\/var\/ezdemo_site\/storage\/images\/_aliases\/articleimage\/5\/4\/8\/1\/151845-1-nor-NO\/befaring og oppm\u00e5ling.jpg\" alt=\"\"\/><\/figure>\n\n\n\n<p>For \u00e5 f\u00e5 litt referanser p\u00e5 m\u00e5lestokk, dro vi ut p\u00e5 museets omr\u00e5de for \u00e5 m\u00e5le lengde bredde forhold p\u00e5 ulike bevarte Hvaler sk\u00f8yter. \u00abFinskjeggen\u00bb p\u00e5 Kystmuseet Hvaler er 10 b\u00e5talen mellom vasspinnene (kj\u00f8llengda). Men et annet sp\u00f8rsm\u00e5l er om de har brukt andre forholdstall p\u00e5 andre m\u00e5l.<\/p>\n\n\n\n<p>Etter en god del diskusjon konkluderte vi p\u00e5 dette f\u00f8rste m\u00f8tet at det er en del gode argumenter for en m\u00e5lestokk p\u00e5 ca 1:8, som gir en b\u00e5t p\u00e5 ca 32 fot., men dette f\u00f8lges opp i neste m\u00f8te rundt juletider, og da h\u00e5per jeg ogs\u00e5 \u00e5 ha funnet ut litt mere om vevebredder og denne spririggen. M\u00e5 jo avslutte med \u00e5 si, at sett fra et seilermakerperspektiv, s\u00e5 ser denne modellen veldig spennende ut ,med tanke p\u00e5 seilegenskaper. De ville nok fort ut med losene den gangen p\u00e5 1850 tallet..<\/p>\n","protected":false},"excerpt":{"rendered":"<p>M\u00e5leseminar med sterk faglig gruppe<\/p>\n","protected":false},"author":1,"featured_media":8,"comment_status":"open","ping_status":"open","sticky":false,"template":"","format":"standard","meta":{"inline_featured_image":false,"_coblocks_attr":"","_coblocks_dimensions":"","_coblocks_responsive_height":"","_coblocks_accordion_ie_support":"","footnotes":""},"categories":[2],"tags":[],"class_list":["post-6","post","type-post","status-publish","format-standard","has-post-thumbnail","hentry","tw-post-has-image-20-9","tw-meta-no-icon"],"_links":{"self":[{"href":"https:\/\/stipendiat.handverksinstituttet.no\/seilmakeren\/wp-json\/wp\/v2\/posts\/6","targetHints":{"allow":["GET"]}}],"collection":[{"href":"https:\/\/stipendiat.handverksinstituttet.no\/seilmakeren\/wp-json\/wp\/v2\/posts"}],"about":[{"href":"https:\/\/stipendiat.handverksinstituttet.no\/seilmakeren\/wp-json\/wp\/v2\/types\/post"}],"author":[{"embeddable":true,"href":"https:\/\/stipendiat.handverksinstituttet.no\/seilmakeren\/wp-json\/wp\/v2\/users\/1"}],"replies":[{"embeddable":true,"href":"https:\/\/stipendiat.handverksinstituttet.no\/seilmakeren\/wp-json\/wp\/v2\/comments?post=6"}],"version-history":[{"count":0,"href":"https:\/\/stipendiat.handverksinstituttet.no\/seilmakeren\/wp-json\/wp\/v2\/posts\/6\/revisions"}],"wp:featuredmedia":[{"embeddable":true,"href":"https:\/\/stipendiat.handverksinstituttet.no\/seilmakeren\/wp-json\/wp\/v2\/media\/8"}],"wp:attachment":[{"href":"https:\/\/stipendiat.handverksinstituttet.no\/seilmakeren\/wp-json\/wp\/v2\/media?parent=6"}],"wp:term":[{"taxonomy":"category","embeddable":true,"href":"https:\/\/stipendiat.handverksinstituttet.no\/seilmakeren\/wp-json\/wp\/v2\/categories?post=6"},{"taxonomy":"post_tag","embeddable":true,"href":"https:\/\/stipendiat.handverksinstituttet.no\/seilmakeren\/wp-json\/wp\/v2\/tags?post=6"}],"curies":[{"name":"wp","href":"https:\/\/api.w.org\/{rel}","templated":true}]}}